{"id":509,"date":"2014-07-16T18:00:47","date_gmt":"2014-07-16T18:00:47","guid":{"rendered":"http:\/\/www.gedankenausdemausland.de\/?p=509"},"modified":"2014-07-16T18:03:00","modified_gmt":"2014-07-16T18:03:00","slug":"jetzt-auch-noch-die-technik","status":"publish","type":"post","link":"https:\/\/www.gedankenausdemausland.de\/?p=509","title":{"rendered":"Jetzt auch noch die Technik"},"content":{"rendered":"<p>Nicht nur die Natur auch die Technik ist unberechenbar. Gestern Abend konnte ich noch eins A telefonieren, heute Morgen schon nicht mehr. Als ich um kurz vor sechs meinen Provider angerufen habe, wurde zwar alles M\u00f6gliche gepr\u00fcft, zumindest hat es lange gedauert, aber es hat nichts an der traurigen Tatsache ge\u00e4ndert. Sie konnten das alles von wei\u00df Gott wo machen. Logischerweise habe ich gefragt, ob das auch mit meiner B\u00fcgelw\u00e4sche klappen k\u00f6nnte? Leider nein. Das w\u00e4re mal ein echter Mehrwert.<\/p>\n<p>Ab neun Uhr war ich mir dann recht sicher, dass auch mein Friseur seinen Anschluss beim selben Provider hat, denn auch dort kommt die Nachricht, dass der Teilnehmer nicht zu erreichen sei. Der war aber nicht so schlau wie ich und hat sein Telefon aufs Handy umleiten lassen. Ha. Kurz nachdem ich all diese klugen \u00dcberlegungen angestellt hatte, bekam ich die Nachricht, dass ich Opfer einer regionalen St\u00f6rung sei. Jetzt frage ich Sie: Was kann das bittesch\u00f6n sein? F\u00e4hrt da jemand nachts ein Verteilerh\u00e4uschen um? Gibt es solche H\u00e4uschen \u00fcberhaupt noch? Oder schl\u00e4gt der Blitz irgendwo rein? Die St\u00f6rung besteht jetzt schon seit \u00fcber zw\u00f6lf Stunden. Was kann man so lange nicht richten k\u00f6nnen? Aber durch Karl und Getrud habe ich Geduld und Langmut gelernt. Wird schon alles wieder. Und daf\u00fcr konnte ich heute meinen Friseur verbl\u00fcffen, als ich ihm auf den Kopf zugesagt habe, wo er seinen Telefonvertrag hat und ihm dann auch noch die frohe Kunde bringen konnte, dass\u00a0er kein neues Telefon braucht, weil es sich um besagte St\u00f6rung handle. Nun hilf nur noch hoffen und beten.<\/p>\n<p>Eine leicht paranoide Frage schie\u00dft mir gerade durch den Kopf: K\u00f6nnen Tauben Kabel durchnagen? Habe Karl und Getrud seit zwei Tagen nicht mehr gesehen. Du liebes bisschen&#8230;.<\/p>\n","protected":false},"excerpt":{"rendered":"<p>Nicht nur die Natur auch die Technik ist unberechenbar. Gestern Abend konnte ich noch eins A telefonieren, heute Morgen schon nicht mehr. Als ich um kurz vor sechs meinen Provider angerufen habe, wurde zwar alles M\u00f6gliche gepr\u00fcft, zumindest hat es lange gedauert, aber es hat nichts an der traurigen Tatsache ge\u00e4ndert. Sie konnten das alles [&hellip;]<\/p>\n","protected":false},"author":2,"featured_media":511,"comment_status":"open","ping_status":"closed","sticky":false,"template":"","format":"standard","meta":{"footnotes":""},"categories":[5,37],"tags":[],"class_list":["post-509","post","type-post","status-publish","format-standard","has-post-thumbnail","hentry","category-augsburg","category-karl-und-gertrud"],"_links":{"self":[{"href":"https:\/\/www.gedankenausdemausland.de\/index.php?rest_route=\/wp\/v2\/posts\/509","targetHints":{"allow":["GET"]}}],"collection":[{"href":"https:\/\/www.gedankenausdemausland.de\/index.php?rest_route=\/wp\/v2\/posts"}],"about":[{"href":"https:\/\/www.gedankenausdemausland.de\/index.php?rest_route=\/wp\/v2\/types\/post"}],"author":[{"embeddable":true,"href":"https:\/\/www.gedankenausdemausland.de\/index.php?rest_route=\/wp\/v2\/users\/2"}],"replies":[{"embeddable":true,"href":"https:\/\/www.gedankenausdemausland.de\/index.php?rest_route=%2Fwp%2Fv2%2Fcomments&post=509"}],"version-history":[{"count":2,"href":"https:\/\/www.gedankenausdemausland.de\/index.php?rest_route=\/wp\/v2\/posts\/509\/revisions"}],"predecessor-version":[{"id":513,"href":"https:\/\/www.gedankenausdemausland.de\/index.php?rest_route=\/wp\/v2\/posts\/509\/revisions\/513"}],"wp:featuredmedia":[{"embeddable":true,"href":"https:\/\/www.gedankenausdemausland.de\/index.php?rest_route=\/wp\/v2\/media\/511"}],"wp:attachment":[{"href":"https:\/\/www.gedankenausdemausland.de\/index.php?rest_route=%2Fwp%2Fv2%2Fmedia&parent=509"}],"wp:term":[{"taxonomy":"category","embeddable":true,"href":"https:\/\/www.gedankenausdemausland.de\/index.php?rest_route=%2Fwp%2Fv2%2Fcategories&post=509"},{"taxonomy":"post_tag","embeddable":true,"href":"https:\/\/www.gedankenausdemausland.de\/index.php?rest_route=%2Fwp%2Fv2%2Ftags&post=509"}],"curies":[{"name":"wp","href":"https:\/\/api.w.org\/{rel}","templated":true}]}}