{"id":502,"date":"2014-07-15T11:16:49","date_gmt":"2014-07-15T11:16:49","guid":{"rendered":"http:\/\/www.gedankenausdemausland.de\/?p=502"},"modified":"2014-07-16T18:01:22","modified_gmt":"2014-07-16T18:01:22","slug":"502","status":"publish","type":"post","link":"https:\/\/www.gedankenausdemausland.de\/?p=502","title":{"rendered":"Mehr Natur geht nicht"},"content":{"rendered":"<p>Selektive Wahrnehmung ist nicht nur Schwangeren ein Begriff. Auch mir inzwischen. Ich nehme nur noch wilde Tiere im Gro\u00dfstadtdschungel wahr. \u00dcber die Tauben m\u00f6chte ich mich an dieser Stelle gar nicht mehr auslassen. Denn getreu dem Motto &#8222;schlimmer geht&#8217;s immer&#8220; hat mein Nachbar nun eine ausgefeilte Holzkonstruktion unter sein Auto geklemmt, weil sein kleines altes Auto offenbar die gro\u00dfe Liebe eines nachtaktiven Marders ist. Nach dem zweiten \u00dcberfall innerhalb kurzer Zeit hat er ihm den Zugang zum Motorraum somit verwehrt.<\/p>\n<p>Leider gibt es f\u00fcr mein Problem keine so einfache L\u00f6sung. Mein Autodach ist einfach zu verlockend. Samtig weich und kuschelig l\u00e4dt es heimatlose Katzen und Marder zum Schlafen und Verweilen ein. Und was kann es nach einem erquickenden Schl\u00e4fchen Sch\u00f6neres geben, als sich gen\u00fcsslich zu wellern und zu wargeln? Dem Fellteppich auf meinem Dach nach nicht Vieles. Und so habe ich meinen Klein-Auto-Bonus heute mehrfach in Trinkgeld an der Waschanlage gesteckt, damit mein Dach mit Hochdruckreiniger abgespritzt wird. Irgendwo muss ein kahler Marder rumlaufen, soviel ist sicher. Das Tier kann kein einziges Haar mehr am K\u00f6rper tragen.<\/p>\n<p>Als ich nach Hause zur\u00fcck gekehrt war, haben mich Karl und Gertrud erwartet, der Eichkater von gegen\u00fcber scheint mit seinem buschigen Schwanz fr\u00f6hlich durch die Bl\u00e4tter zu winken und so langsam \u00fcberlege ich, warum es immer noch Menschen gibt, die &#8222;einfach mal in die Natur&#8220; ziehen m\u00f6chten. Die Innenstadt ist voll davon. Mehr Natur kann kaum ein Mensch verkraften.<\/p>\n","protected":false},"excerpt":{"rendered":"<p>Selektive Wahrnehmung ist nicht nur Schwangeren ein Begriff. Auch mir inzwischen. Ich nehme nur noch wilde Tiere im Gro\u00dfstadtdschungel wahr. \u00dcber die Tauben m\u00f6chte ich mich an dieser Stelle gar nicht mehr auslassen. Denn getreu dem Motto &#8222;schlimmer geht&#8217;s immer&#8220; hat mein Nachbar nun eine ausgefeilte Holzkonstruktion unter sein Auto geklemmt, weil sein kleines altes [&hellip;]<\/p>\n","protected":false},"author":2,"featured_media":504,"comment_status":"open","ping_status":"closed","sticky":false,"template":"","format":"standard","meta":{"footnotes":""},"categories":[5,37],"tags":[],"class_list":["post-502","post","type-post","status-publish","format-standard","has-post-thumbnail","hentry","category-augsburg","category-karl-und-gertrud"],"_links":{"self":[{"href":"https:\/\/www.gedankenausdemausland.de\/index.php?rest_route=\/wp\/v2\/posts\/502","targetHints":{"allow":["GET"]}}],"collection":[{"href":"https:\/\/www.gedankenausdemausland.de\/index.php?rest_route=\/wp\/v2\/posts"}],"about":[{"href":"https:\/\/www.gedankenausdemausland.de\/index.php?rest_route=\/wp\/v2\/types\/post"}],"author":[{"embeddable":true,"href":"https:\/\/www.gedankenausdemausland.de\/index.php?rest_route=\/wp\/v2\/users\/2"}],"replies":[{"embeddable":true,"href":"https:\/\/www.gedankenausdemausland.de\/index.php?rest_route=%2Fwp%2Fv2%2Fcomments&post=502"}],"version-history":[{"count":4,"href":"https:\/\/www.gedankenausdemausland.de\/index.php?rest_route=\/wp\/v2\/posts\/502\/revisions"}],"predecessor-version":[{"id":508,"href":"https:\/\/www.gedankenausdemausland.de\/index.php?rest_route=\/wp\/v2\/posts\/502\/revisions\/508"}],"wp:featuredmedia":[{"embeddable":true,"href":"https:\/\/www.gedankenausdemausland.de\/index.php?rest_route=\/wp\/v2\/media\/504"}],"wp:attachment":[{"href":"https:\/\/www.gedankenausdemausland.de\/index.php?rest_route=%2Fwp%2Fv2%2Fmedia&parent=502"}],"wp:term":[{"taxonomy":"category","embeddable":true,"href":"https:\/\/www.gedankenausdemausland.de\/index.php?rest_route=%2Fwp%2Fv2%2Fcategories&post=502"},{"taxonomy":"post_tag","embeddable":true,"href":"https:\/\/www.gedankenausdemausland.de\/index.php?rest_route=%2Fwp%2Fv2%2Ftags&post=502"}],"curies":[{"name":"wp","href":"https:\/\/api.w.org\/{rel}","templated":true}]}}