{"id":462,"date":"2014-07-08T16:33:33","date_gmt":"2014-07-08T16:33:33","guid":{"rendered":"http:\/\/www.gedankenausdemausland.de\/?p=462"},"modified":"2014-07-08T16:45:05","modified_gmt":"2014-07-08T16:45:05","slug":"erfuellte-traeume","status":"publish","type":"post","link":"https:\/\/www.gedankenausdemausland.de\/?p=462","title":{"rendered":"Erf\u00fcllte Tr\u00e4ume"},"content":{"rendered":"<p>Vor \u00fcber zwanzig Jahren gab es in einer Nacht einmal eine Sternenkonstellation, von der behauptet wurde, dass alle W\u00fcnsche, die man in den Himmel schickt, in Erf\u00fcllung gingen. Und weil es eh schon wurscht war und ich alles M\u00f6gliche getan und versucht hatte, um in Rom zu leben, habe ich mir das in dieser Nacht halt auch noch gew\u00fcnscht. Die Tatsache, dass ich seit f\u00fcnfzehn Jahren hier lebe, hat Null Komma Garnichts mit allem, was ich aktiv in Angriff genommen habe, zu tun. Man k\u00f6nnte sagen, es ist reiner, kitschiger Zufall. Oder eben diese Nacht. An die Umzugsfahrt nach Rom erinnere ich mich immer noch als w\u00e4re es gestern und das liegt nicht daran, dass das Langzeitged\u00e4chtnis mit dem Alter besser wird (stimmt eh nicht, das ganze Ding l\u00e4sst schlichtweg nach und bei lange zur\u00fcckliegenden Ereignissen hat man statistisch weniger Schlaumeier, die einem drein reden, so einfach ist das). Seitdem sind viele Jahre, viel \u00c4rger und viel Gl\u00fcck vergangen und noch immer kann ich es kaum fassen.<\/p>\n<p>Dasselbe gilt f\u00fcr meine K\u00fcche, von deren Farbe mir fast jeder abgeraten hat, weil &#8222;Du Dich da sp\u00e4testens in zwei Jahren satt gesehen hast&#8220;. Stimmt auch nicht. Ich hatte sie mir immer genau so vorgestellt und freu mich jeden Tag, fast jeden Moment dr\u00fcber (au\u00dfer, wenn gerade die Milch \u00fcberl\u00e4uft, dann bin ich abgelenkt). Oder meine Badfliesen, die ich seit meiner Hochzeitsreise im Herzen hatte. Einfach ein Traum.<\/p>\n<p>Denn wenn Tr\u00e4ume erf\u00fcllt werden, ist das ein berauschendes Gef\u00fchl. Und deshalb hat mich dieses Motiv auf dem Campo dei Fiori so ger\u00fchrt. Der junge Mann stand die l\u00e4ngste Zeit einfach nur an der Br\u00fcstung und hat hinuntergeschaut und sich gefreut. Sogar auf die gro\u00dfe Distanz konnte man sehen, wie oft er diesen Ort in Gedanken durchgespielt hatte. Vielleicht hat er ihn in einem Film gesehen und sich geschworen, auch einmal auf diesen Platz zu blicken oder es war eines Morgens einfach da, so wie bei mir Biarritz oder Avignon. Sein Sonntagmorgen auf der Terrasse \u00fcber dem Campo dei Fiori ist hoffentlich etwas, was ihn lange begleitet und ihn lange freut. Erf\u00fcllte Tr\u00e4ume sind ein bisschen wie Benzin im Tank.<\/p>\n","protected":false},"excerpt":{"rendered":"<p>Vor \u00fcber zwanzig Jahren gab es in einer Nacht einmal eine Sternenkonstellation, von der behauptet wurde, dass alle W\u00fcnsche, die man in den Himmel schickt, in Erf\u00fcllung gingen. Und weil es eh schon wurscht war und ich alles M\u00f6gliche getan und versucht hatte, um in Rom zu leben, habe ich mir das in dieser Nacht [&hellip;]<\/p>\n","protected":false},"author":2,"featured_media":465,"comment_status":"open","ping_status":"closed","sticky":false,"template":"","format":"standard","meta":{"footnotes":""},"categories":[6,3],"tags":[],"class_list":["post-462","post","type-post","status-publish","format-standard","has-post-thumbnail","hentry","category-philosophisches","category-rom"],"_links":{"self":[{"href":"https:\/\/www.gedankenausdemausland.de\/index.php?rest_route=\/wp\/v2\/posts\/462","targetHints":{"allow":["GET"]}}],"collection":[{"href":"https:\/\/www.gedankenausdemausland.de\/index.php?rest_route=\/wp\/v2\/posts"}],"about":[{"href":"https:\/\/www.gedankenausdemausland.de\/index.php?rest_route=\/wp\/v2\/types\/post"}],"author":[{"embeddable":true,"href":"https:\/\/www.gedankenausdemausland.de\/index.php?rest_route=\/wp\/v2\/users\/2"}],"replies":[{"embeddable":true,"href":"https:\/\/www.gedankenausdemausland.de\/index.php?rest_route=%2Fwp%2Fv2%2Fcomments&post=462"}],"version-history":[{"count":3,"href":"https:\/\/www.gedankenausdemausland.de\/index.php?rest_route=\/wp\/v2\/posts\/462\/revisions"}],"predecessor-version":[{"id":467,"href":"https:\/\/www.gedankenausdemausland.de\/index.php?rest_route=\/wp\/v2\/posts\/462\/revisions\/467"}],"wp:featuredmedia":[{"embeddable":true,"href":"https:\/\/www.gedankenausdemausland.de\/index.php?rest_route=\/wp\/v2\/media\/465"}],"wp:attachment":[{"href":"https:\/\/www.gedankenausdemausland.de\/index.php?rest_route=%2Fwp%2Fv2%2Fmedia&parent=462"}],"wp:term":[{"taxonomy":"category","embeddable":true,"href":"https:\/\/www.gedankenausdemausland.de\/index.php?rest_route=%2Fwp%2Fv2%2Fcategories&post=462"},{"taxonomy":"post_tag","embeddable":true,"href":"https:\/\/www.gedankenausdemausland.de\/index.php?rest_route=%2Fwp%2Fv2%2Ftags&post=462"}],"curies":[{"name":"wp","href":"https:\/\/api.w.org\/{rel}","templated":true}]}}