{"id":401,"date":"2014-06-29T08:15:19","date_gmt":"2014-06-29T08:15:19","guid":{"rendered":"http:\/\/www.gedankenausdemausland.de\/?p=401"},"modified":"2014-06-29T08:36:24","modified_gmt":"2014-06-29T08:36:24","slug":"heisskalt","status":"publish","type":"post","link":"https:\/\/www.gedankenausdemausland.de\/?p=401","title":{"rendered":"Hei\u00dfkalt"},"content":{"rendered":"<p>Aus pers\u00f6nlicher und vor allem langj\u00e4hriger Erfahrung kann ich sagen, dass es wenige Dinge gibt, \u00fcber die sich ein Paar nachhaltiger und substanzieller streiten kann als \u00fcber die richtige Temperatur. Meistens, keinesfalls immer, wie ich von einer Freundin wei\u00df, hat der Mann zu hei\u00df, die Frau zu kalt. Unsensible Naturen erkl\u00e4ren das mit Fettanteilen, was die Fronten nicht gerade entspannt. Wir sind jetzt seit drei Tagen unterwegs und ich darf die Zust\u00e4nde als durchaus schwankend bezeichnen. Mein Mann ist bei zwanzig Grad, leichtem Wind im Paradies, ich im Eisschrank. Er schwitzt besorgniserregend, wenn wir ein Gesch\u00e4ft betreten, bei Feiern kann er nach f\u00fcnf Minuten sein Sakko nicht mehr ausziehen, nicht mal, um es mir um die Schultern zu legen, weil gerade dabei bin, zu erfrieren.<br \/>\nUnd so war es auch gestern. Theoretisch h\u00e4tten wir den besten Tisch gehabt, er lag an der Au\u00dfenseite eines massiven Steinbaus mit einer S\u00e4ulenveranda. Wer kann ahnen, dass es im Sommer im Midi, dem S\u00fcdwesten Frankreichs einen Temperatursturz von 25 Grad innerhalb einer Stunde geben w\u00fcrde. W\u00e4hrend ich in meinem weiten sommerlichen F\u00e4hnchen Wachtr\u00e4ume von Daunenm\u00e4nteln hatte und jetzt mit dickem Schal und Kaschmirpulli hier sitze, war mein Mann \u00fcbergl\u00fccklich und sicher, dass der Wettergott es gut mit ihm meint. Mich fand er n\u00f6rgelig und allgemein unzufrieden, womit er sicher Recht hat, denn es ist mir nicht gegeben, \u00fcber k\u00f6rperliche Bed\u00fcrfnisse hinwegzublicken, da hilft kein Yoga, keine Erziehung. Eine Wolldecke h\u00e4tte geholfen.<br \/>\nDiese Temperaturstreitigkeiten, die andere Paare auch im Schlafzimmer haben, sind deshalb so fruchtlos, weil man das Empfinden des Anderen ja nicht \u00e4ndern kann und sich unten drunter ja eigentlich sorgt, weil man m\u00f6chte, dass es dem Liebsten gut geht, man es aber nicht bewerkstelligen kann. Das ist auch wieder sch\u00f6n so.<\/p>\n","protected":false},"excerpt":{"rendered":"<p>Aus pers\u00f6nlicher und vor allem langj\u00e4hriger Erfahrung kann ich sagen, dass es wenige Dinge gibt, \u00fcber die sich ein Paar nachhaltiger und substanzieller streiten kann als \u00fcber die richtige Temperatur. Meistens, keinesfalls immer, wie ich von einer Freundin wei\u00df, hat der Mann zu hei\u00df, die Frau zu kalt. Unsensible Naturen erkl\u00e4ren das mit Fettanteilen, was [&hellip;]<\/p>\n","protected":false},"author":2,"featured_media":405,"comment_status":"open","ping_status":"closed","sticky":false,"template":"","format":"standard","meta":{"footnotes":""},"categories":[38,6],"tags":[],"class_list":["post-401","post","type-post","status-publish","format-standard","has-post-thumbnail","hentry","category-auf-reisen","category-philosophisches"],"_links":{"self":[{"href":"https:\/\/www.gedankenausdemausland.de\/index.php?rest_route=\/wp\/v2\/posts\/401","targetHints":{"allow":["GET"]}}],"collection":[{"href":"https:\/\/www.gedankenausdemausland.de\/index.php?rest_route=\/wp\/v2\/posts"}],"about":[{"href":"https:\/\/www.gedankenausdemausland.de\/index.php?rest_route=\/wp\/v2\/types\/post"}],"author":[{"embeddable":true,"href":"https:\/\/www.gedankenausdemausland.de\/index.php?rest_route=\/wp\/v2\/users\/2"}],"replies":[{"embeddable":true,"href":"https:\/\/www.gedankenausdemausland.de\/index.php?rest_route=%2Fwp%2Fv2%2Fcomments&post=401"}],"version-history":[{"count":1,"href":"https:\/\/www.gedankenausdemausland.de\/index.php?rest_route=\/wp\/v2\/posts\/401\/revisions"}],"predecessor-version":[{"id":403,"href":"https:\/\/www.gedankenausdemausland.de\/index.php?rest_route=\/wp\/v2\/posts\/401\/revisions\/403"}],"wp:featuredmedia":[{"embeddable":true,"href":"https:\/\/www.gedankenausdemausland.de\/index.php?rest_route=\/wp\/v2\/media\/405"}],"wp:attachment":[{"href":"https:\/\/www.gedankenausdemausland.de\/index.php?rest_route=%2Fwp%2Fv2%2Fmedia&parent=401"}],"wp:term":[{"taxonomy":"category","embeddable":true,"href":"https:\/\/www.gedankenausdemausland.de\/index.php?rest_route=%2Fwp%2Fv2%2Fcategories&post=401"},{"taxonomy":"post_tag","embeddable":true,"href":"https:\/\/www.gedankenausdemausland.de\/index.php?rest_route=%2Fwp%2Fv2%2Ftags&post=401"}],"curies":[{"name":"wp","href":"https:\/\/api.w.org\/{rel}","templated":true}]}}