{"id":394,"date":"2014-06-28T13:15:28","date_gmt":"2014-06-28T13:15:28","guid":{"rendered":"http:\/\/www.gedankenausdemausland.de\/?p=394"},"modified":"2014-06-28T13:15:28","modified_gmt":"2014-06-28T13:15:28","slug":"slow-food-slow-waiter","status":"publish","type":"post","link":"https:\/\/www.gedankenausdemausland.de\/?p=394","title":{"rendered":"Slow food? Slow waiter!"},"content":{"rendered":"<p>Aufgrund von ausgesprochen widrigen Umst\u00e4nden kann ich jetzt \u00fcberhaupt nichts von dem schreiben, was ich geplant hatte. Das muss alles warten. Wir sind in einem abgelegenen Teil Frankreichs auf einer Hochzeit und ich kann nur sagen: Ol\u00e0l\u00e0! Alles sch\u00f6n gem\u00e4chlich hier, vor allem aber der Service. Da zu dieser Hochzeit Menschen aus der ganzen Welt kommen, weil der Br\u00e4utigam eine lebhafte Familiengeschichte hat, musste sie bereits im Oktober angek\u00fcndigt werden. Das bedeutet, dass auch dieses Hotel hier seit geraumer Zeit dar\u00fcber informiert war, dass mehr als nur vier Wanderer oder frankophile Deutsche hier sein w\u00fcrden. Hat sie das in irgendeiner Form zur Planung veranlasst? NEIN!<\/p>\n<p>In der Folge wurden wir heute Morgen beim Fr\u00fchst\u00fcck, das wir uns aus dem ersten Stock auf lila Plastiktabletts hinunter tragen mussten, gefragt, ob wir mittags einen Tisch wollten. Ja, gerne. Das war ein Fehler, der zu diesem sehr kurzen Eintrag gef\u00fchrt hat. Die gesamte Zeit, die ich f\u00fcrs Schreiben eingeplant hatte, haben wir wartend verbracht. \u00dcber zwei Stunden. Der Kellner, es war einer, hat f\u00fcr jeden Salzstreuer einen Gang eingeplant. Es war mir so langweilig (siehe Foto), ich kann es kaum sagen, andere G\u00e4ste sind gegangen oder haben sich die Brotk\u00f6rbe dann selbst geholt. Es war eine Frechheit. Und deshalb ist das ein kl\u00e4glich kurzer Eintrag jetzt, denn ich muss mich umziehen und meinen Bauch, den ich nun nicht mehr wegschwimmen oder wegschlafen kann, in ein Kleid zw\u00e4ngen. Habe fertig.<\/p>\n","protected":false},"excerpt":{"rendered":"<p>Aufgrund von ausgesprochen widrigen Umst\u00e4nden kann ich jetzt \u00fcberhaupt nichts von dem schreiben, was ich geplant hatte. Das muss alles warten. Wir sind in einem abgelegenen Teil Frankreichs auf einer Hochzeit und ich kann nur sagen: Ol\u00e0l\u00e0! Alles sch\u00f6n gem\u00e4chlich hier, vor allem aber der Service. Da zu dieser Hochzeit Menschen aus der ganzen Welt [&hellip;]<\/p>\n","protected":false},"author":2,"featured_media":395,"comment_status":"open","ping_status":"closed","sticky":false,"template":"","format":"standard","meta":{"footnotes":""},"categories":[1],"tags":[],"class_list":["post-394","post","type-post","status-publish","format-standard","has-post-thumbnail","hentry","category-uncategorized"],"_links":{"self":[{"href":"https:\/\/www.gedankenausdemausland.de\/index.php?rest_route=\/wp\/v2\/posts\/394","targetHints":{"allow":["GET"]}}],"collection":[{"href":"https:\/\/www.gedankenausdemausland.de\/index.php?rest_route=\/wp\/v2\/posts"}],"about":[{"href":"https:\/\/www.gedankenausdemausland.de\/index.php?rest_route=\/wp\/v2\/types\/post"}],"author":[{"embeddable":true,"href":"https:\/\/www.gedankenausdemausland.de\/index.php?rest_route=\/wp\/v2\/users\/2"}],"replies":[{"embeddable":true,"href":"https:\/\/www.gedankenausdemausland.de\/index.php?rest_route=%2Fwp%2Fv2%2Fcomments&post=394"}],"version-history":[{"count":1,"href":"https:\/\/www.gedankenausdemausland.de\/index.php?rest_route=\/wp\/v2\/posts\/394\/revisions"}],"predecessor-version":[{"id":396,"href":"https:\/\/www.gedankenausdemausland.de\/index.php?rest_route=\/wp\/v2\/posts\/394\/revisions\/396"}],"wp:featuredmedia":[{"embeddable":true,"href":"https:\/\/www.gedankenausdemausland.de\/index.php?rest_route=\/wp\/v2\/media\/395"}],"wp:attachment":[{"href":"https:\/\/www.gedankenausdemausland.de\/index.php?rest_route=%2Fwp%2Fv2%2Fmedia&parent=394"}],"wp:term":[{"taxonomy":"category","embeddable":true,"href":"https:\/\/www.gedankenausdemausland.de\/index.php?rest_route=%2Fwp%2Fv2%2Fcategories&post=394"},{"taxonomy":"post_tag","embeddable":true,"href":"https:\/\/www.gedankenausdemausland.de\/index.php?rest_route=%2Fwp%2Fv2%2Ftags&post=394"}],"curies":[{"name":"wp","href":"https:\/\/api.w.org\/{rel}","templated":true}]}}