{"id":379,"date":"2014-06-25T11:33:07","date_gmt":"2014-06-25T11:33:07","guid":{"rendered":"http:\/\/www.gedankenausdemausland.de\/?p=379"},"modified":"2014-06-25T18:39:45","modified_gmt":"2014-06-25T18:39:45","slug":"oh-mann","status":"publish","type":"post","link":"https:\/\/www.gedankenausdemausland.de\/?p=379","title":{"rendered":"Oh Mann!"},"content":{"rendered":"<p>Es k\u00f6nnte einen ja oftmals das Mitgef\u00fchl packen, wenn man sich \u00fcberlegt, ein Mann sein zu m\u00fcssen. Gerade im Sommer wird es schier \u00fcberm\u00e4chtig. Abgesehen von dem Leid, wenn die eigene Mannschaft ungerechtfertigt verliert, kann man sich, wenn alle anderen den strahlenden Sonnenschein genie\u00dfen, als Mann auch hier nicht vorbehaltlos der Hitze hingeben. Frauen k\u00f6nnen durchaus im Etuikleid ins B\u00fcro oder in Rock und Bluse, in anderen Berufen gar im Flatterkleidchen, aber M\u00e4nner? Von Flatterkleidchen keine Rede, aber auch nicht von Bermudas oder Shorts. Immer Anzug, lang\u00e4rmeliges Hemd (bitte! wir brauchen hier hoffentlich NICHT \u00fcber Kurzarmhemden sprechen!) und am Ende noch Krawatte. Und das Allerschlimmste kommt erst noch: nicht mal die Mode k\u00f6nnen echte Kerle mitmachen. Eine Grundgarderobe mit diversen kleinen Variationen (hellblau, blau-wei\u00df gestreift, grau, mausgrau, hellmausgrau, dunkelblau, mittellbau &#8211; verwegen, nachtblau&#8230;) muss leider gen\u00fcgen.<br \/>\nBei einem Mann, der sich zu modisch kleidet, liegt der Schluss nahe, dass er zuviel Wert auf die Meinung Anderer legt oder ihm das Outfit im P&amp;C von einem Herrenmodenverk\u00e4ufer zusammengestellt wurde (&#8222;das tr\u00e4gt man jetzt so und dann k\u00f6nnen Sie den unteren Knopf am Sakko\u00e4rmel aufkn\u00f6pfen&#8220; &#8211; OMG). Bitte, welcher Mann sucht sich ein quittengelbes Hemd aus, wenn er keine Haare mehr hat? Ich binde mir doch auch keine Schleife ins Haar, wenn meine Ans\u00e4tze nicht get\u00f6nt sind (was sie niemals nicht sind).<br \/>\nGut, der Schnitt des Anzuges, der Chinos kann sich \u00e4ndern, der Hemdkragen variiert immer mal wieder, die Krawattenbreite auch, aber mal ganz ehrlich: die Klassiker, die mann tr\u00e4gt, sind immer dieselben. Was uns jetzt zu folgenden Schlussfolgerungen f\u00fchren muss:<br \/>\n1. Es ist von absoluter Wichtigkeit, dass die Kleidung eines Mannes hochwertigst ist.<br \/>\n2. Sie sollte aus klassischen Farben bestehen (gibt es wirklich Frauen, die M\u00e4nner in fliederfarbenen Hemden cool finden?)<br \/>\n3. Am Strand kann es mal eine bunte Badehose sein<br \/>\n4. M\u00e4nner sollten von sich aus wirken und lieber Geld in ihre zauberhaften Gattinnen (egal wie erfolgreich die sind) investieren. Das soll ihr sch\u00f6nster Schmuck sein &#8211; umgekehrt \u00fcbrigens genauso. Und das klappt eben nicht in Pastellfarben oder Ringel-Matrosen-Shirts oder Kapuzenpullis.<br \/>\nWie ich darauf komme? Ich sitze mal wieder im Zug und bin nach einer Station fast blind, farbenblind, musterblind, was auch immer.<br \/>\nDa ich aus meiner h\u00f6chstsubjektiven Statistik wei\u00df, dass bei 90% der M\u00e4nner die Frauen das Sagen bei der Kleiderauswahl haben, viele M\u00e4nner gar nicht mit zum Einkaufen gehen, muss ich mich wundern, ob sie ihre M\u00e4nner vielleicht hassen? Oder durch das, was sie ihnen in den Kleiderschrank h\u00e4ngen, vermeiden wollen, dass irgendein atmendes Wesen sie anschaut.<br \/>\nOder die schlimmste Kategorie: Sie wollen ihre M\u00e4nner auf einem Level wie ihre 12-j\u00e4hrigen S\u00f6hne sehen und stecken sie in Shorts, Kapuzenshirts und Sneakers (schlimmes neuzeitliches Wort) und st\u00fclpen ihnen zu guter Letzt ein Baseballcap \u00fcber die fliehende graue Haarpracht. Derart zum Spielkameraden gemacht, f\u00e4llt es dem Kleinen vielleicht gar nicht auf, dass Papa eigentlich viel lieber die Zeitung lesen w\u00fcrde, als eine Radtour zu machen.<br \/>\nSie finden, das klingt alles recht krass? Bitte, fahren Sie doch einfach das n\u00e4chste Mal mit mir nach Paris. Wir k\u00f6nnten uns anl\u00e4cheln, ich w\u00fcrde Sie vielleicht unter meine neuen coolen Kopfh\u00f6rer nehmen und wir k\u00f6nnten uns gemeinsam grausen.<\/p>\n<p>&nbsp;<\/p>\n","protected":false},"excerpt":{"rendered":"<p>Es k\u00f6nnte einen ja oftmals das Mitgef\u00fchl packen, wenn man sich \u00fcberlegt, ein Mann sein zu m\u00fcssen. Gerade im Sommer wird es schier \u00fcberm\u00e4chtig. Abgesehen von dem Leid, wenn die eigene Mannschaft ungerechtfertigt verliert, kann man sich, wenn alle anderen den strahlenden Sonnenschein genie\u00dfen, als Mann auch hier nicht vorbehaltlos der Hitze hingeben. Frauen k\u00f6nnen [&hellip;]<\/p>\n","protected":false},"author":2,"featured_media":380,"comment_status":"open","ping_status":"closed","sticky":false,"template":"","format":"standard","meta":{"footnotes":""},"categories":[38],"tags":[],"class_list":["post-379","post","type-post","status-publish","format-standard","has-post-thumbnail","hentry","category-auf-reisen"],"_links":{"self":[{"href":"https:\/\/www.gedankenausdemausland.de\/index.php?rest_route=\/wp\/v2\/posts\/379","targetHints":{"allow":["GET"]}}],"collection":[{"href":"https:\/\/www.gedankenausdemausland.de\/index.php?rest_route=\/wp\/v2\/posts"}],"about":[{"href":"https:\/\/www.gedankenausdemausland.de\/index.php?rest_route=\/wp\/v2\/types\/post"}],"author":[{"embeddable":true,"href":"https:\/\/www.gedankenausdemausland.de\/index.php?rest_route=\/wp\/v2\/users\/2"}],"replies":[{"embeddable":true,"href":"https:\/\/www.gedankenausdemausland.de\/index.php?rest_route=%2Fwp%2Fv2%2Fcomments&post=379"}],"version-history":[{"count":4,"href":"https:\/\/www.gedankenausdemausland.de\/index.php?rest_route=\/wp\/v2\/posts\/379\/revisions"}],"predecessor-version":[{"id":385,"href":"https:\/\/www.gedankenausdemausland.de\/index.php?rest_route=\/wp\/v2\/posts\/379\/revisions\/385"}],"wp:featuredmedia":[{"embeddable":true,"href":"https:\/\/www.gedankenausdemausland.de\/index.php?rest_route=\/wp\/v2\/media\/380"}],"wp:attachment":[{"href":"https:\/\/www.gedankenausdemausland.de\/index.php?rest_route=%2Fwp%2Fv2%2Fmedia&parent=379"}],"wp:term":[{"taxonomy":"category","embeddable":true,"href":"https:\/\/www.gedankenausdemausland.de\/index.php?rest_route=%2Fwp%2Fv2%2Fcategories&post=379"},{"taxonomy":"post_tag","embeddable":true,"href":"https:\/\/www.gedankenausdemausland.de\/index.php?rest_route=%2Fwp%2Fv2%2Ftags&post=379"}],"curies":[{"name":"wp","href":"https:\/\/api.w.org\/{rel}","templated":true}]}}