{"id":372,"date":"2014-06-24T18:29:26","date_gmt":"2014-06-24T18:29:26","guid":{"rendered":"http:\/\/www.gedankenausdemausland.de\/?p=372"},"modified":"2014-06-25T17:26:56","modified_gmt":"2014-06-25T17:26:56","slug":"finito-lamore","status":"publish","type":"post","link":"https:\/\/www.gedankenausdemausland.de\/?p=372","title":{"rendered":"Finito l&#8217;amore"},"content":{"rendered":"<p>Also jetzt macht es aber auch keinen Spa\u00df mehr! Wie konnte denn das passieren? Mein Mann hat es zwar von Anfang an prophezeit, aber da schwingt ja immer so viel abergl\u00e4ubische Sorge mit, denn ihm wird schon spei\u00fcbel, wenn ein Schiedsrichter beim 6:0 in der 89. Minute sagt, dass das gut f\u00fcr die Heimmannschaft ausgehen k\u00f6nnte. Aber dass er dieses Mal so Recht hat, ist nicht sch\u00f6n. Vor wem sollen wir uns gruseln? Auf wen schimpfen? Wen anhimmeln f\u00fcr unnachahmliches L\u00f6ffeln oder Vor-dem-Tor-W\u00e4lzen? Oder coole Gesten nach dem Tortreffer auff\u00fchren. Gut, da wird uns nichts fehlen, Italien hat kaum einen Treffer erzielt in der Vorrunde und Kolumbien hat ganz allerliebste T\u00e4nze wie ich gerade gesehen habe.<\/p>\n<p>Also langer Rede kurzer Sinn, mir tut es Leid &#8211; auch nach dem Spiel Deutschland &#8211; Italien 2006, das ich immer noch mit mir f\u00fchre in Form eines tauben rechten Ohres, aber Schwamm dr\u00fcber. Der s\u00fcdamerikanische Schiedsrichter sollte meiner bescheidenen Meinung nach eine Binde mit drei schwarzen Punkten auf gelbem Grund tragen, aber wer wei\u00df, welche Motivation\u00a0diese beiden Entscheidungen hatten?<\/p>\n<p>Mehr kann ich auch gar nicht schreiben. Au\u00dfer, dass ich heute &#8211; denn auf das t\u00e4gliche Bulletin warten Sie ja sicher schon &#8211; Karl oder Gertrud in der Vier-Zentimeter-Spalte zwischen Markise und Dachsims erwischt habe. Das ist auch schlimm. Hier allerdings ist jetzt auch finito l&#8217;amore. Habe einen &#8222;Taubenverg\u00e4mer&#8220; (so hei\u00dft der wirklich) beauftragt.<\/p>\n","protected":false},"excerpt":{"rendered":"<p>Also jetzt macht es aber auch keinen Spa\u00df mehr! Wie konnte denn das passieren? Mein Mann hat es zwar von Anfang an prophezeit, aber da schwingt ja immer so viel abergl\u00e4ubische Sorge mit, denn ihm wird schon spei\u00fcbel, wenn ein Schiedsrichter beim 6:0 in der 89. Minute sagt, dass das gut f\u00fcr die Heimmannschaft ausgehen [&hellip;]<\/p>\n","protected":false},"author":2,"featured_media":358,"comment_status":"open","ping_status":"closed","sticky":false,"template":"","format":"standard","meta":{"footnotes":""},"categories":[5,37,11],"tags":[],"class_list":["post-372","post","type-post","status-publish","format-standard","has-post-thumbnail","hentry","category-augsburg","category-karl-und-gertrud","category-wm-2014"],"_links":{"self":[{"href":"https:\/\/www.gedankenausdemausland.de\/index.php?rest_route=\/wp\/v2\/posts\/372","targetHints":{"allow":["GET"]}}],"collection":[{"href":"https:\/\/www.gedankenausdemausland.de\/index.php?rest_route=\/wp\/v2\/posts"}],"about":[{"href":"https:\/\/www.gedankenausdemausland.de\/index.php?rest_route=\/wp\/v2\/types\/post"}],"author":[{"embeddable":true,"href":"https:\/\/www.gedankenausdemausland.de\/index.php?rest_route=\/wp\/v2\/users\/2"}],"replies":[{"embeddable":true,"href":"https:\/\/www.gedankenausdemausland.de\/index.php?rest_route=%2Fwp%2Fv2%2Fcomments&post=372"}],"version-history":[{"count":5,"href":"https:\/\/www.gedankenausdemausland.de\/index.php?rest_route=\/wp\/v2\/posts\/372\/revisions"}],"predecessor-version":[{"id":384,"href":"https:\/\/www.gedankenausdemausland.de\/index.php?rest_route=\/wp\/v2\/posts\/372\/revisions\/384"}],"wp:featuredmedia":[{"embeddable":true,"href":"https:\/\/www.gedankenausdemausland.de\/index.php?rest_route=\/wp\/v2\/media\/358"}],"wp:attachment":[{"href":"https:\/\/www.gedankenausdemausland.de\/index.php?rest_route=%2Fwp%2Fv2%2Fmedia&parent=372"}],"wp:term":[{"taxonomy":"category","embeddable":true,"href":"https:\/\/www.gedankenausdemausland.de\/index.php?rest_route=%2Fwp%2Fv2%2Fcategories&post=372"},{"taxonomy":"post_tag","embeddable":true,"href":"https:\/\/www.gedankenausdemausland.de\/index.php?rest_route=%2Fwp%2Fv2%2Ftags&post=372"}],"curies":[{"name":"wp","href":"https:\/\/api.w.org\/{rel}","templated":true}]}}