{"id":333,"date":"2014-06-18T06:51:48","date_gmt":"2014-06-18T06:51:48","guid":{"rendered":"http:\/\/www.gedankenausdemausland.de\/?p=333"},"modified":"2014-06-18T16:18:01","modified_gmt":"2014-06-18T16:18:01","slug":"eichhoernchen-waeren-die-besseren-tauben","status":"publish","type":"post","link":"https:\/\/www.gedankenausdemausland.de\/?p=333","title":{"rendered":"Eichh\u00f6rnchen w\u00e4ren die besseren Tauben"},"content":{"rendered":"<p>Ganz bestimmt fragen sich treue Leser schon seit geraumer Zeit, was eigentlich aus Karl und Gertrud geworden ist. Nur soviel dazu: w\u00e4hrend andere jubeln, weil Balkonwetter ist, knirsche ich mit den Z\u00e4hnen. Mein Balkon ist immer noch verh\u00fcllt h\u00e4tte ich auch nur einen Funken Vermarktungswillen in mir, h\u00e4tte ich ihn im Sinne von Christo l\u00e4ngst als Konezptkunst oder Fotokunst verkauft. So bleibt er in der Kategorie Lebenskunst.<br \/>\nZu allem \u00dcberfluss kommt noch hinzu, dass Karl und Gertrud t\u00e4glich, was sage ich, st\u00fcndlich vorbei patrouillieren und nach dem Rechten sehen, n\u00e4mlich ob ICH auch sicher nicht auf ihm sitze. Weitere Verluste haben wir auch schon zu beklagen: Beim Verscheuchen der beiden von der Markise (wie so fette Tauben darauf balancieren k\u00f6nnen, ist mir ein R\u00e4tsel), ist der Besen abgebrochen. Es wird zunehmend ein Kampf mit Verlusten \u2013 bislang nur auf meiner Seite. Vermutlich weil ich nicht fliegen kann.<\/p>\n<p>Wie so h\u00e4ufig, wenn man sich mit etwas befasst, sich darauf konzentriert, h\u00e4ufen sich die Wahrnehmungen des Konzentrationsobjektes. Ich sehe nur noch Tauben, schlimmer noch, die Tauben sehen mich. Und zwar in keiner netten Weise. Sie werfen sich mir in schmalen Gassen vors Auto und zwingen mich zum Bremsen, sie fliegen gef\u00e4hrlich nahe in Bahnhofshallen an mir vorbei, sie flattern heimt\u00fcckisch unter Kaffeehaustischen hoch und erschrecken mich bald zu Tode, kurzum, die Lage spitzt sich zu.<\/p>\n<p>Wenn ich aus dem Fenster sehe, blicke ich auf gro\u00dfe B\u00e4ume und in diesen tummelt sich ein eifriges Eichh\u00f6rnchen. Es h\u00fcpft h\u00fcbsch anzusehen von Ast zu Ast, kann nicht fliegen, legt keine Eier. \u00dcber so einen netten Mitbewohner w\u00fcrde ich mich glaub ich freuen. Vielleicht baue ich einen kleinen Steg. Vielleicht k\u00f6nnte es Karl und Gertrud auffressen? Fressen Eichh\u00f6rnchen \u00fcberhaupt Tauben?<\/p>\n","protected":false},"excerpt":{"rendered":"<p>Ganz bestimmt fragen sich treue Leser schon seit geraumer Zeit, was eigentlich aus Karl und Gertrud geworden ist. Nur soviel dazu: w\u00e4hrend andere jubeln, weil Balkonwetter ist, knirsche ich mit den Z\u00e4hnen. Mein Balkon ist immer noch verh\u00fcllt h\u00e4tte ich auch nur einen Funken Vermarktungswillen in mir, h\u00e4tte ich ihn im Sinne von Christo l\u00e4ngst [&hellip;]<\/p>\n","protected":false},"author":2,"featured_media":334,"comment_status":"open","ping_status":"closed","sticky":false,"template":"","format":"standard","meta":{"footnotes":""},"categories":[5,7,37],"tags":[],"class_list":["post-333","post","type-post","status-publish","format-standard","has-post-thumbnail","hentry","category-augsburg","category-gedanken-aus-dem-inland","category-karl-und-gertrud"],"_links":{"self":[{"href":"https:\/\/www.gedankenausdemausland.de\/index.php?rest_route=\/wp\/v2\/posts\/333","targetHints":{"allow":["GET"]}}],"collection":[{"href":"https:\/\/www.gedankenausdemausland.de\/index.php?rest_route=\/wp\/v2\/posts"}],"about":[{"href":"https:\/\/www.gedankenausdemausland.de\/index.php?rest_route=\/wp\/v2\/types\/post"}],"author":[{"embeddable":true,"href":"https:\/\/www.gedankenausdemausland.de\/index.php?rest_route=\/wp\/v2\/users\/2"}],"replies":[{"embeddable":true,"href":"https:\/\/www.gedankenausdemausland.de\/index.php?rest_route=%2Fwp%2Fv2%2Fcomments&post=333"}],"version-history":[{"count":2,"href":"https:\/\/www.gedankenausdemausland.de\/index.php?rest_route=\/wp\/v2\/posts\/333\/revisions"}],"predecessor-version":[{"id":336,"href":"https:\/\/www.gedankenausdemausland.de\/index.php?rest_route=\/wp\/v2\/posts\/333\/revisions\/336"}],"wp:featuredmedia":[{"embeddable":true,"href":"https:\/\/www.gedankenausdemausland.de\/index.php?rest_route=\/wp\/v2\/media\/334"}],"wp:attachment":[{"href":"https:\/\/www.gedankenausdemausland.de\/index.php?rest_route=%2Fwp%2Fv2%2Fmedia&parent=333"}],"wp:term":[{"taxonomy":"category","embeddable":true,"href":"https:\/\/www.gedankenausdemausland.de\/index.php?rest_route=%2Fwp%2Fv2%2Fcategories&post=333"},{"taxonomy":"post_tag","embeddable":true,"href":"https:\/\/www.gedankenausdemausland.de\/index.php?rest_route=%2Fwp%2Fv2%2Ftags&post=333"}],"curies":[{"name":"wp","href":"https:\/\/api.w.org\/{rel}","templated":true}]}}