{"id":318,"date":"2014-06-16T18:45:48","date_gmt":"2014-06-16T18:45:48","guid":{"rendered":"http:\/\/www.gedankenausdemausland.de\/?p=318"},"modified":"2014-06-16T19:08:42","modified_gmt":"2014-06-16T19:08:42","slug":"alterslos-und-schmeichelnd-schwarz-rot-gold","status":"publish","type":"post","link":"https:\/\/www.gedankenausdemausland.de\/?p=318","title":{"rendered":"Alterslos und schmeichelnd: schwarz-rot-gold"},"content":{"rendered":"<p>Alles Wesentliche zu diesem sehr positiven WM-Auftakt ist von versierten Bloggerinnen und Journalisten bereits gesagt worden. Da bin ich nun wirklich zu sp\u00e4t. Was Schuld an meinem Vers\u00e4umnis hatte, ist so unspektakul\u00e4r wie ein Kindergeburtstag. Vor allem, weil es ein Kindergeburtstag war. Mit anschlie\u00dfendem Grillen. Und wer meint, dass pubertierende Kinder f\u00fcr die Eltern anstrengend sind, hat noch niemals den Geburtstag eines Dreij\u00e4hrigen mit seinen Freundinnen und Freunden erlebt. Die M\u00fctter kommen am Nachmittag mit ihren Kindern, die V\u00e4ter kommen abends dazu, dann ist noch Fu\u00dfball, also muss man grillen und so weiter. Die arme ausrichtende Mutter h\u00e4tte man am liebsten dem Mannschaftsarzt \u00fcberlassen&#8230;<\/p>\n<p>Aber zur\u00fcck zum Thema: Wo ich doch eben zu sp\u00e4t f\u00fcr alle qualifizierten Kommentare bin, m\u00f6chte ich mich einem bislang vernachl\u00e4ssigten Aspekt des heutigen Tages mit einer Frage widmen: Ist eigentlich irgendjemandem au\u00dfer mir aufgefallen, dass die Kanzlerin ihren Kopf patriotisch in die Landesfarben schwarz-rot-gold geh\u00fcllt hat? Auf ihrem frisch get\u00f6nten und geheimnisvollen (vor allem f\u00fcr S\u00fcd- und Mitteleurop\u00e4er) K\u00f6pflein tummeln sich all diese Farbaspekte aufs Harmonischste. Sie ist einfach Deutschland. Mit Haut und Haaren. Und wenn sie wieder unangemeldet in der Spielerkabine \/ -dusche auftaucht, dann kann man ihr das wohl bitte nachsehen. Ich w\u00fcrde das genauso machen, wenn ich Kanzlerin w\u00e4re. Und ganz nebenbei: meine englische Freundin auch!<\/p>\n","protected":false},"excerpt":{"rendered":"<p>Alles Wesentliche zu diesem sehr positiven WM-Auftakt ist von versierten Bloggerinnen und Journalisten bereits gesagt worden. Da bin ich nun wirklich zu sp\u00e4t. Was Schuld an meinem Vers\u00e4umnis hatte, ist so unspektakul\u00e4r wie ein Kindergeburtstag. Vor allem, weil es ein Kindergeburtstag war. Mit anschlie\u00dfendem Grillen. Und wer meint, dass pubertierende Kinder f\u00fcr die Eltern anstrengend [&hellip;]<\/p>\n","protected":false},"author":2,"featured_media":319,"comment_status":"open","ping_status":"closed","sticky":false,"template":"","format":"standard","meta":{"footnotes":""},"categories":[11],"tags":[],"class_list":["post-318","post","type-post","status-publish","format-standard","has-post-thumbnail","hentry","category-wm-2014"],"_links":{"self":[{"href":"https:\/\/www.gedankenausdemausland.de\/index.php?rest_route=\/wp\/v2\/posts\/318","targetHints":{"allow":["GET"]}}],"collection":[{"href":"https:\/\/www.gedankenausdemausland.de\/index.php?rest_route=\/wp\/v2\/posts"}],"about":[{"href":"https:\/\/www.gedankenausdemausland.de\/index.php?rest_route=\/wp\/v2\/types\/post"}],"author":[{"embeddable":true,"href":"https:\/\/www.gedankenausdemausland.de\/index.php?rest_route=\/wp\/v2\/users\/2"}],"replies":[{"embeddable":true,"href":"https:\/\/www.gedankenausdemausland.de\/index.php?rest_route=%2Fwp%2Fv2%2Fcomments&post=318"}],"version-history":[{"count":2,"href":"https:\/\/www.gedankenausdemausland.de\/index.php?rest_route=\/wp\/v2\/posts\/318\/revisions"}],"predecessor-version":[{"id":321,"href":"https:\/\/www.gedankenausdemausland.de\/index.php?rest_route=\/wp\/v2\/posts\/318\/revisions\/321"}],"wp:featuredmedia":[{"embeddable":true,"href":"https:\/\/www.gedankenausdemausland.de\/index.php?rest_route=\/wp\/v2\/media\/319"}],"wp:attachment":[{"href":"https:\/\/www.gedankenausdemausland.de\/index.php?rest_route=%2Fwp%2Fv2%2Fmedia&parent=318"}],"wp:term":[{"taxonomy":"category","embeddable":true,"href":"https:\/\/www.gedankenausdemausland.de\/index.php?rest_route=%2Fwp%2Fv2%2Fcategories&post=318"},{"taxonomy":"post_tag","embeddable":true,"href":"https:\/\/www.gedankenausdemausland.de\/index.php?rest_route=%2Fwp%2Fv2%2Ftags&post=318"}],"curies":[{"name":"wp","href":"https:\/\/api.w.org\/{rel}","templated":true}]}}